{"id":7441,"date":"2025-03-07T16:51:31","date_gmt":"2025-03-07T14:51:31","guid":{"rendered":"https:\/\/vadevela.com\/?p=7441"},"modified":"2025-03-11T12:10:51","modified_gmt":"2025-03-11T10:10:51","slug":"introduccion-a-la-navegacion-a-vela","status":"publish","type":"post","link":"https:\/\/vadevela.com\/es\/introduccion-a-la-navegacion-a-vela\/","title":{"rendered":"INTRODUCCI\u00d3N A LA NAVEGACI\u00d3N A VELA ( 2 viernes ) 1 ECTS"},"content":{"rendered":"<p>INTRODUCCI\u00d3N A LA NAVEGACI\u00d3N A VELA ( 2 viernes ) 1 ECTS<\/p>\n<p>Universidad de Girona y Vadevela.<\/p>\n<p>Cr\u00e9ditos de libre elecci\u00f3n<\/p>\n<p>2 sesiones para conseguir la fase introductoria de la vela, donde el alumno va alcanzando los conceptos b\u00e1sicos y, de la mano de un instructor, los ponen en pr\u00e1ctica de forma progresiva y pautada. No es m\u00e1s que el primer contacto de los estudiantes con el deporte de la vela donde, el hecho de cambiar de medio, de navegar, de estar propulsado por el viento mientras haces ejercicio y trabajas en grupo, hace que florezcan sensaciones desconocidas y, a la vez, agradables que hacen \u00fanico a este deporte.<\/p>\n<p>Profesor: Joan Maria Ferrer de la empresa Vadevela.<\/p>\n<p>Coordinadora: S\u00f2nia Cervi\u00e0<\/p>\n<p>Grupos<br \/>\nVELA. Grupo A2<br \/>\nCalendario<br \/>\n2\u00ba cuatrimestre: viernes 25 de abril de 10 a 17 h, viernes 9 de mayo de 10 a 17 h<br \/>\n\u00a1Atenci\u00f3n! Fechas pendientes de la climatolog\u00eda, si no se pudiera realizar en estas fechas, buscar\u00edamos otras opciones con los participantes inscritos. Evaluaci\u00f3n: asistencia obligatoria al 100% (*) y en todo el horario y aprobar evaluaci\u00f3n final del curso.* Si por causas mayores se falta a alguna de las sesiones se podr\u00e1 recuperar quedando con el profesor.<br \/>\nMatr\u00edcula<br \/>\nDel 5\/3\/2025 0:00:00 hasta el 23\/4\/2025 12:00:00<br \/>\nInformaci\u00f3n<br \/>\nPrecio: socios SdE 119 euros\/ no socios 159 euros.<br \/>\nM\u00ednimo para que se pueda realizar un grupo son 8 inscripciones.<br \/>\nMaterial necesario:<br \/>\n\u2022 Ropa c\u00f3moda e impermeable.<br \/>\n\u2022 Calzado adecuado para cubierta (sola blanca o antideslizante).<\/p>\n<p>\u2022 Crema solar, gorro y gafas de sol con sujeci\u00f3n.<br \/>\n\u2022 Comida y bebida para comer a bordo.<\/p>\n<p>Desarrollo del programa:<br \/>\n\u2022 D\u00eda 1 (7 horas): Salida en el barco con introducci\u00f3n te\u00f3rica, conocimiento del barco, pr\u00e1ctica de nudos, reconocimiento del pron\u00f3stico meteorol\u00f3gico mar\u00edtimo y maniobras b\u00e1sicas.<br \/>\n\u2022 D\u00eda 2 (7 horas): Salida en el barco para trabajar la navegaci\u00f3n en diferentes condiciones, practicar la seguridad, las maniobras avanzadas y con una prueba final en la que cada participante deber\u00e1 realizar una breve exposici\u00f3n o diario de bit\u00e1cora sobre alguno de los temas trabajados.<br \/>\nLocalizaci\u00f3n<br \/>\nVadevela. Puerto Marina de Palam\u00f3s.<br \/>\nCapit\u00e1n\/instructor: Joan M\u00aa Ferrer.<br \/>\nCoordinadora: S\u00f2nia Cervi\u00e0<br \/>\nPlazas grupo<br \/>\n0 plazas ocupadas \/ 11 plazas ofertadas<br \/>\nColectivos y precios<br \/>\nColectivo Precio Precio Socios<br \/>\nALUMNOS 159,00 \u20ac 119,00\u20ac<br \/>\nPDI 159,00 \u20ac 119,00 \u20ac<br \/>\nPTGAS 159,00 \u20ac 119,00 \u20ac<br \/>\nConvenios internacionales 159,00 \u20ac 119,00 \u20ac<br \/>\nmatr\u00edcula abierta<br \/>\nPost Tags:clases de vela en Palam\u00f3s<br \/>\nEnviar comentarios<br \/>\nPaneles laterales<br \/>\nHistorial<br \/>\nGuardado<\/p>\n","protected":false},"excerpt":{"rendered":"<p>INTRODUCCI\u00d3N A LA NAVEGACI\u00d3N A VELA ( 2 viernes ) 1 ECTS Universidad de Girona y Vadevela. Cr\u00e9ditos de libre elecci\u00f3n 2 sesiones para conseguir la fase introductoria de la vela, donde el alumno va alcanzando los conceptos b\u00e1sicos y, de la mano de un instructor, los ponen en pr\u00e1ctica de forma progresiva y pautada. [&hellip;]<\/p>\n","protected":false},"author":2,"featured_media":7494,"comment_status":"open","ping_status":"open","sticky":false,"template":"","format":"standard","meta":{"footnotes":""},"categories":[121,81],"tags":[136],"class_list":["post-7441","post","type-post","status-publish","format-standard","has-post-thumbnail","hentry","category-alquiler-velero","category-sin-categorizar","tag-cursos-de-vela"],"yoast_head":"<!-- This site is optimized with the Yoast SEO plugin v27.4 - https:\/\/yoast.com\/product\/yoast-seo-wordpress\/ -->\n<title>INTRODUCCI\u00d3N A LA NAVEGACI\u00d3N A VELA ( 2 viernes ) 1 ECTS - Vadevela<\/title>\n<meta name=\"description\" content=\"INTRODUCCI\u00d3N A LA NAVEGACI\u00d3N A VELA ( 2 viernes ) 1 ECTSUniversidad de Girona y Vadevela.Cr\u00e9ditos de libre elecci\u00f3n2 sesiones para conseguir la fase introductoria de la vela, donde el alumno va alcanzando los conceptos b\u00e1sicos y, de la mano de un instructor, los ponen en pr\u00e1ctica de forma progresiva y pautada. No es m\u00e1s que el primer contacto de los estudiantes con el deporte de la vela donde, el hecho de cambiar de medio, de navegar, de estar propulsado por el viento mientras haces ejercicio y trabajas en grupo, hace que florezcan sensaciones desconocidas y, a la vez, agradables que hacen \u00fanico a este deporte.Profesor: Joan Maria Ferrer de la empresa Vadevela. Coordinadora: S\u00f2nia Cervi\u00e0\" \/>\n<meta name=\"robots\" content=\"index, follow, max-snippet:-1, max-image-preview:large, max-video-preview:-1\" \/>\n<link rel=\"canonical\" href=\"https:\/\/vadevela.com\/es\/introduccion-a-la-navegacion-a-vela\/\" \/>\n<meta property=\"og:locale\" content=\"es_ES\" \/>\n<meta property=\"og:type\" content=\"article\" \/>\n<meta property=\"og:title\" content=\"INTRODUCCI\u00d3N A LA NAVEGACI\u00d3N A VELA ( 2 viernes ) 1 ECTS - Vadevela\" \/>\n<meta property=\"og:description\" content=\"INTRODUCCI\u00d3N A LA NAVEGACI\u00d3N A VELA ( 2 viernes ) 1 ECTSUniversidad de Girona y Vadevela.Cr\u00e9ditos de libre elecci\u00f3n2 sesiones para conseguir la fase introductoria de la vela, donde el alumno va alcanzando los conceptos b\u00e1sicos y, de la mano de un instructor, los ponen en pr\u00e1ctica de forma progresiva y pautada. No es m\u00e1s que el primer contacto de los estudiantes con el deporte de la vela donde, el hecho de cambiar de medio, de navegar, de estar propulsado por el viento mientras haces ejercicio y trabajas en grupo, hace que florezcan sensaciones desconocidas y, a la vez, agradables que hacen \u00fanico a este deporte.Profesor: Joan Maria Ferrer de la empresa Vadevela. Coordinadora: S\u00f2nia Cervi\u00e0\" \/>\n<meta property=\"og:url\" content=\"https:\/\/vadevela.com\/es\/introduccion-a-la-navegacion-a-vela\/\" \/>\n<meta property=\"og:site_name\" content=\"Vadevela\" \/>\n<meta property=\"article:publisher\" content=\"https:\/\/www.facebook.com\/profile.php?id=100066870703106\" \/>\n<meta property=\"article:published_time\" content=\"2025-03-07T14:51:31+00:00\" \/>\n<meta property=\"article:modified_time\" content=\"2025-03-11T10:10:51+00:00\" \/>\n<meta property=\"og:image\" content=\"https:\/\/vadevela.com\/wp-content\/uploads\/2025\/03\/curs-de-vela-2-scaled.jpg\" \/>\n\t<meta property=\"og:image:width\" content=\"2560\" \/>\n\t<meta property=\"og:image:height\" content=\"1714\" \/>\n\t<meta property=\"og:image:type\" content=\"image\/jpeg\" \/>\n<meta name=\"author\" content=\"Mia\" \/>\n<meta name=\"twitter:card\" content=\"summary_large_image\" \/>\n<meta name=\"twitter:label1\" content=\"Escrito por\" \/>\n\t<meta name=\"twitter:data1\" content=\"Mia\" \/>\n\t<meta name=\"twitter:label2\" content=\"Tiempo de lectura\" \/>\n\t<meta name=\"twitter:data2\" content=\"3 minutos\" \/>\n<script type=\"application\/ld+json\" class=\"yoast-schema-graph\">{\"@context\":\"https:\\\/\\\/schema.org\",\"@graph\":[{\"@type\":\"Article\",\"@id\":\"https:\\\/\\\/vadevela.com\\\/es\\\/introduccion-a-la-navegacion-a-vela\\\/#article\",\"isPartOf\":{\"@id\":\"https:\\\/\\\/vadevela.com\\\/es\\\/introduccion-a-la-navegacion-a-vela\\\/\"},\"author\":{\"name\":\"Mia\",\"@id\":\"https:\\\/\\\/vadevela.com\\\/es\\\/#\\\/schema\\\/person\\\/f696a5c1742af02616360b179acff2c2\"},\"headline\":\"INTRODUCCI\u00d3N A LA NAVEGACI\u00d3N A VELA ( 2 viernes ) 1 ECTS\",\"datePublished\":\"2025-03-07T14:51:31+00:00\",\"dateModified\":\"2025-03-11T10:10:51+00:00\",\"mainEntityOfPage\":{\"@id\":\"https:\\\/\\\/vadevela.com\\\/es\\\/introduccion-a-la-navegacion-a-vela\\\/\"},\"wordCount\":402,\"commentCount\":0,\"publisher\":{\"@id\":\"https:\\\/\\\/vadevela.com\\\/es\\\/#organization\"},\"image\":{\"@id\":\"https:\\\/\\\/vadevela.com\\\/es\\\/introduccion-a-la-navegacion-a-vela\\\/#primaryimage\"},\"thumbnailUrl\":\"https:\\\/\\\/vadevela.com\\\/wp-content\\\/uploads\\\/2025\\\/03\\\/curs-de-vela-2-scaled.jpg\",\"keywords\":[\"cursos de vela\"],\"articleSection\":[\"Alquiler velero\",\"Sin categorizar\"],\"inLanguage\":\"es\",\"potentialAction\":[{\"@type\":\"CommentAction\",\"name\":\"Comment\",\"target\":[\"https:\\\/\\\/vadevela.com\\\/es\\\/introduccion-a-la-navegacion-a-vela\\\/#respond\"]}]},{\"@type\":\"WebPage\",\"@id\":\"https:\\\/\\\/vadevela.com\\\/es\\\/introduccion-a-la-navegacion-a-vela\\\/\",\"url\":\"https:\\\/\\\/vadevela.com\\\/es\\\/introduccion-a-la-navegacion-a-vela\\\/\",\"name\":\"INTRODUCCI\u00d3N A LA NAVEGACI\u00d3N A VELA ( 2 viernes ) 1 ECTS - Vadevela\",\"isPartOf\":{\"@id\":\"https:\\\/\\\/vadevela.com\\\/es\\\/#website\"},\"primaryImageOfPage\":{\"@id\":\"https:\\\/\\\/vadevela.com\\\/es\\\/introduccion-a-la-navegacion-a-vela\\\/#primaryimage\"},\"image\":{\"@id\":\"https:\\\/\\\/vadevela.com\\\/es\\\/introduccion-a-la-navegacion-a-vela\\\/#primaryimage\"},\"thumbnailUrl\":\"https:\\\/\\\/vadevela.com\\\/wp-content\\\/uploads\\\/2025\\\/03\\\/curs-de-vela-2-scaled.jpg\",\"datePublished\":\"2025-03-07T14:51:31+00:00\",\"dateModified\":\"2025-03-11T10:10:51+00:00\",\"description\":\"INTRODUCCI\u00d3N A LA NAVEGACI\u00d3N A VELA ( 2 viernes ) 1 ECTSUniversidad de Girona y Vadevela.Cr\u00e9ditos de libre elecci\u00f3n2 sesiones para conseguir la fase introductoria de la vela, donde el alumno va alcanzando los conceptos b\u00e1sicos y, de la mano de un instructor, los ponen en pr\u00e1ctica de forma progresiva y pautada. No es m\u00e1s que el primer contacto de los estudiantes con el deporte de la vela donde, el hecho de cambiar de medio, de navegar, de estar propulsado por el viento mientras haces ejercicio y trabajas en grupo, hace que florezcan sensaciones desconocidas y, a la vez, agradables que hacen \u00fanico a este deporte.Profesor: Joan Maria Ferrer de la empresa Vadevela. Coordinadora: S\u00f2nia Cervi\u00e0\",\"breadcrumb\":{\"@id\":\"https:\\\/\\\/vadevela.com\\\/es\\\/introduccion-a-la-navegacion-a-vela\\\/#breadcrumb\"},\"inLanguage\":\"es\",\"potentialAction\":[{\"@type\":\"ReadAction\",\"target\":[\"https:\\\/\\\/vadevela.com\\\/es\\\/introduccion-a-la-navegacion-a-vela\\\/\"]}]},{\"@type\":\"ImageObject\",\"inLanguage\":\"es\",\"@id\":\"https:\\\/\\\/vadevela.com\\\/es\\\/introduccion-a-la-navegacion-a-vela\\\/#primaryimage\",\"url\":\"https:\\\/\\\/vadevela.com\\\/wp-content\\\/uploads\\\/2025\\\/03\\\/curs-de-vela-2-scaled.jpg\",\"contentUrl\":\"https:\\\/\\\/vadevela.com\\\/wp-content\\\/uploads\\\/2025\\\/03\\\/curs-de-vela-2-scaled.jpg\",\"width\":2560,\"height\":1714,\"caption\":\"INICIACION A LA NAVEGACION EN VELERO\"},{\"@type\":\"BreadcrumbList\",\"@id\":\"https:\\\/\\\/vadevela.com\\\/es\\\/introduccion-a-la-navegacion-a-vela\\\/#breadcrumb\",\"itemListElement\":[{\"@type\":\"ListItem\",\"position\":1,\"name\":\"Inici\",\"item\":\"https:\\\/\\\/vadevela.com\\\/es\\\/\"},{\"@type\":\"ListItem\",\"position\":2,\"name\":\"INTRODUCCI\u00d3N A LA NAVEGACI\u00d3N A VELA ( 2 viernes ) 1 ECTS\"}]},{\"@type\":\"WebSite\",\"@id\":\"https:\\\/\\\/vadevela.com\\\/es\\\/#website\",\"url\":\"https:\\\/\\\/vadevela.com\\\/es\\\/\",\"name\":\"Vadevela\",\"description\":\"Lloguer de velers - Alquiler de veleros - Sailboat rental &amp; charter\",\"publisher\":{\"@id\":\"https:\\\/\\\/vadevela.com\\\/es\\\/#organization\"},\"potentialAction\":[{\"@type\":\"SearchAction\",\"target\":{\"@type\":\"EntryPoint\",\"urlTemplate\":\"https:\\\/\\\/vadevela.com\\\/es\\\/?s={search_term_string}\"},\"query-input\":{\"@type\":\"PropertyValueSpecification\",\"valueRequired\":true,\"valueName\":\"search_term_string\"}}],\"inLanguage\":\"es\"},{\"@type\":\"Organization\",\"@id\":\"https:\\\/\\\/vadevela.com\\\/es\\\/#organization\",\"name\":\"Vadevela\",\"url\":\"https:\\\/\\\/vadevela.com\\\/es\\\/\",\"logo\":{\"@type\":\"ImageObject\",\"inLanguage\":\"es\",\"@id\":\"https:\\\/\\\/vadevela.com\\\/es\\\/#\\\/schema\\\/logo\\\/image\\\/\",\"url\":\"https:\\\/\\\/vadevela.com\\\/wp-content\\\/uploads\\\/2022\\\/09\\\/logo_vadevela_b_2.png\",\"contentUrl\":\"https:\\\/\\\/vadevela.com\\\/wp-content\\\/uploads\\\/2022\\\/09\\\/logo_vadevela_b_2.png\",\"width\":300,\"height\":59,\"caption\":\"Vadevela\"},\"image\":{\"@id\":\"https:\\\/\\\/vadevela.com\\\/es\\\/#\\\/schema\\\/logo\\\/image\\\/\"},\"sameAs\":[\"https:\\\/\\\/www.facebook.com\\\/profile.php?id=100066870703106\",\"https:\\\/\\\/www.youtube.com\\\/user\\\/vadevela1\\\/videos\"]},{\"@type\":\"Person\",\"@id\":\"https:\\\/\\\/vadevela.com\\\/es\\\/#\\\/schema\\\/person\\\/f696a5c1742af02616360b179acff2c2\",\"name\":\"Mia\",\"image\":{\"@type\":\"ImageObject\",\"inLanguage\":\"es\",\"@id\":\"https:\\\/\\\/secure.gravatar.com\\\/avatar\\\/33c7ecd61a60595c2110f9f3f81c38d8c71e51bba939f0c70769dec6af93b8d6?s=96&d=mm&r=g\",\"url\":\"https:\\\/\\\/secure.gravatar.com\\\/avatar\\\/33c7ecd61a60595c2110f9f3f81c38d8c71e51bba939f0c70769dec6af93b8d6?s=96&d=mm&r=g\",\"contentUrl\":\"https:\\\/\\\/secure.gravatar.com\\\/avatar\\\/33c7ecd61a60595c2110f9f3f81c38d8c71e51bba939f0c70769dec6af93b8d6?s=96&d=mm&r=g\",\"caption\":\"Mia\"}}]}<\/script>\n<!-- \/ Yoast SEO plugin. -->","yoast_head_json":{"title":"INTRODUCCI\u00d3N A LA NAVEGACI\u00d3N A VELA ( 2 viernes ) 1 ECTS - Vadevela","description":"INTRODUCCI\u00d3N A LA NAVEGACI\u00d3N A VELA ( 2 viernes ) 1 ECTSUniversidad de Girona y Vadevela.Cr\u00e9ditos de libre elecci\u00f3n2 sesiones para conseguir la fase introductoria de la vela, donde el alumno va alcanzando los conceptos b\u00e1sicos y, de la mano de un instructor, los ponen en pr\u00e1ctica de forma progresiva y pautada. No es m\u00e1s que el primer contacto de los estudiantes con el deporte de la vela donde, el hecho de cambiar de medio, de navegar, de estar propulsado por el viento mientras haces ejercicio y trabajas en grupo, hace que florezcan sensaciones desconocidas y, a la vez, agradables que hacen \u00fanico a este deporte.Profesor: Joan Maria Ferrer de la empresa Vadevela. Coordinadora: S\u00f2nia Cervi\u00e0","robots":{"index":"index","follow":"follow","max-snippet":"max-snippet:-1","max-image-preview":"max-image-preview:large","max-video-preview":"max-video-preview:-1"},"canonical":"https:\/\/vadevela.com\/es\/introduccion-a-la-navegacion-a-vela\/","og_locale":"es_ES","og_type":"article","og_title":"INTRODUCCI\u00d3N A LA NAVEGACI\u00d3N A VELA ( 2 viernes ) 1 ECTS - Vadevela","og_description":"INTRODUCCI\u00d3N A LA NAVEGACI\u00d3N A VELA ( 2 viernes ) 1 ECTSUniversidad de Girona y Vadevela.Cr\u00e9ditos de libre elecci\u00f3n2 sesiones para conseguir la fase introductoria de la vela, donde el alumno va alcanzando los conceptos b\u00e1sicos y, de la mano de un instructor, los ponen en pr\u00e1ctica de forma progresiva y pautada. No es m\u00e1s que el primer contacto de los estudiantes con el deporte de la vela donde, el hecho de cambiar de medio, de navegar, de estar propulsado por el viento mientras haces ejercicio y trabajas en grupo, hace que florezcan sensaciones desconocidas y, a la vez, agradables que hacen \u00fanico a este deporte.Profesor: Joan Maria Ferrer de la empresa Vadevela. Coordinadora: S\u00f2nia Cervi\u00e0","og_url":"https:\/\/vadevela.com\/es\/introduccion-a-la-navegacion-a-vela\/","og_site_name":"Vadevela","article_publisher":"https:\/\/www.facebook.com\/profile.php?id=100066870703106","article_published_time":"2025-03-07T14:51:31+00:00","article_modified_time":"2025-03-11T10:10:51+00:00","og_image":[{"width":2560,"height":1714,"url":"https:\/\/vadevela.com\/wp-content\/uploads\/2025\/03\/curs-de-vela-2-scaled.jpg","type":"image\/jpeg"}],"author":"Mia","twitter_card":"summary_large_image","twitter_misc":{"Escrito por":"Mia","Tiempo de lectura":"3 minutos"},"schema":{"@context":"https:\/\/schema.org","@graph":[{"@type":"Article","@id":"https:\/\/vadevela.com\/es\/introduccion-a-la-navegacion-a-vela\/#article","isPartOf":{"@id":"https:\/\/vadevela.com\/es\/introduccion-a-la-navegacion-a-vela\/"},"author":{"name":"Mia","@id":"https:\/\/vadevela.com\/es\/#\/schema\/person\/f696a5c1742af02616360b179acff2c2"},"headline":"INTRODUCCI\u00d3N A LA NAVEGACI\u00d3N A VELA ( 2 viernes ) 1 ECTS","datePublished":"2025-03-07T14:51:31+00:00","dateModified":"2025-03-11T10:10:51+00:00","mainEntityOfPage":{"@id":"https:\/\/vadevela.com\/es\/introduccion-a-la-navegacion-a-vela\/"},"wordCount":402,"commentCount":0,"publisher":{"@id":"https:\/\/vadevela.com\/es\/#organization"},"image":{"@id":"https:\/\/vadevela.com\/es\/introduccion-a-la-navegacion-a-vela\/#primaryimage"},"thumbnailUrl":"https:\/\/vadevela.com\/wp-content\/uploads\/2025\/03\/curs-de-vela-2-scaled.jpg","keywords":["cursos de vela"],"articleSection":["Alquiler velero","Sin categorizar"],"inLanguage":"es","potentialAction":[{"@type":"CommentAction","name":"Comment","target":["https:\/\/vadevela.com\/es\/introduccion-a-la-navegacion-a-vela\/#respond"]}]},{"@type":"WebPage","@id":"https:\/\/vadevela.com\/es\/introduccion-a-la-navegacion-a-vela\/","url":"https:\/\/vadevela.com\/es\/introduccion-a-la-navegacion-a-vela\/","name":"INTRODUCCI\u00d3N A LA NAVEGACI\u00d3N A VELA ( 2 viernes ) 1 ECTS - Vadevela","isPartOf":{"@id":"https:\/\/vadevela.com\/es\/#website"},"primaryImageOfPage":{"@id":"https:\/\/vadevela.com\/es\/introduccion-a-la-navegacion-a-vela\/#primaryimage"},"image":{"@id":"https:\/\/vadevela.com\/es\/introduccion-a-la-navegacion-a-vela\/#primaryimage"},"thumbnailUrl":"https:\/\/vadevela.com\/wp-content\/uploads\/2025\/03\/curs-de-vela-2-scaled.jpg","datePublished":"2025-03-07T14:51:31+00:00","dateModified":"2025-03-11T10:10:51+00:00","description":"INTRODUCCI\u00d3N A LA NAVEGACI\u00d3N A VELA ( 2 viernes ) 1 ECTSUniversidad de Girona y Vadevela.Cr\u00e9ditos de libre elecci\u00f3n2 sesiones para conseguir la fase introductoria de la vela, donde el alumno va alcanzando los conceptos b\u00e1sicos y, de la mano de un instructor, los ponen en pr\u00e1ctica de forma progresiva y pautada. No es m\u00e1s que el primer contacto de los estudiantes con el deporte de la vela donde, el hecho de cambiar de medio, de navegar, de estar propulsado por el viento mientras haces ejercicio y trabajas en grupo, hace que florezcan sensaciones desconocidas y, a la vez, agradables que hacen \u00fanico a este deporte.Profesor: Joan Maria Ferrer de la empresa Vadevela. Coordinadora: S\u00f2nia Cervi\u00e0","breadcrumb":{"@id":"https:\/\/vadevela.com\/es\/introduccion-a-la-navegacion-a-vela\/#breadcrumb"},"inLanguage":"es","potentialAction":[{"@type":"ReadAction","target":["https:\/\/vadevela.com\/es\/introduccion-a-la-navegacion-a-vela\/"]}]},{"@type":"ImageObject","inLanguage":"es","@id":"https:\/\/vadevela.com\/es\/introduccion-a-la-navegacion-a-vela\/#primaryimage","url":"https:\/\/vadevela.com\/wp-content\/uploads\/2025\/03\/curs-de-vela-2-scaled.jpg","contentUrl":"https:\/\/vadevela.com\/wp-content\/uploads\/2025\/03\/curs-de-vela-2-scaled.jpg","width":2560,"height":1714,"caption":"INICIACION A LA NAVEGACION EN VELERO"},{"@type":"BreadcrumbList","@id":"https:\/\/vadevela.com\/es\/introduccion-a-la-navegacion-a-vela\/#breadcrumb","itemListElement":[{"@type":"ListItem","position":1,"name":"Inici","item":"https:\/\/vadevela.com\/es\/"},{"@type":"ListItem","position":2,"name":"INTRODUCCI\u00d3N A LA NAVEGACI\u00d3N A VELA ( 2 viernes ) 1 ECTS"}]},{"@type":"WebSite","@id":"https:\/\/vadevela.com\/es\/#website","url":"https:\/\/vadevela.com\/es\/","name":"Vadevela","description":"Lloguer de velers - Alquiler de veleros - Sailboat rental &amp; charter","publisher":{"@id":"https:\/\/vadevela.com\/es\/#organization"},"potentialAction":[{"@type":"SearchAction","target":{"@type":"EntryPoint","urlTemplate":"https:\/\/vadevela.com\/es\/?s={search_term_string}"},"query-input":{"@type":"PropertyValueSpecification","valueRequired":true,"valueName":"search_term_string"}}],"inLanguage":"es"},{"@type":"Organization","@id":"https:\/\/vadevela.com\/es\/#organization","name":"Vadevela","url":"https:\/\/vadevela.com\/es\/","logo":{"@type":"ImageObject","inLanguage":"es","@id":"https:\/\/vadevela.com\/es\/#\/schema\/logo\/image\/","url":"https:\/\/vadevela.com\/wp-content\/uploads\/2022\/09\/logo_vadevela_b_2.png","contentUrl":"https:\/\/vadevela.com\/wp-content\/uploads\/2022\/09\/logo_vadevela_b_2.png","width":300,"height":59,"caption":"Vadevela"},"image":{"@id":"https:\/\/vadevela.com\/es\/#\/schema\/logo\/image\/"},"sameAs":["https:\/\/www.facebook.com\/profile.php?id=100066870703106","https:\/\/www.youtube.com\/user\/vadevela1\/videos"]},{"@type":"Person","@id":"https:\/\/vadevela.com\/es\/#\/schema\/person\/f696a5c1742af02616360b179acff2c2","name":"Mia","image":{"@type":"ImageObject","inLanguage":"es","@id":"https:\/\/secure.gravatar.com\/avatar\/33c7ecd61a60595c2110f9f3f81c38d8c71e51bba939f0c70769dec6af93b8d6?s=96&d=mm&r=g","url":"https:\/\/secure.gravatar.com\/avatar\/33c7ecd61a60595c2110f9f3f81c38d8c71e51bba939f0c70769dec6af93b8d6?s=96&d=mm&r=g","contentUrl":"https:\/\/secure.gravatar.com\/avatar\/33c7ecd61a60595c2110f9f3f81c38d8c71e51bba939f0c70769dec6af93b8d6?s=96&d=mm&r=g","caption":"Mia"}}]}},"_links":{"self":[{"href":"https:\/\/vadevela.com\/es\/wp-json\/wp\/v2\/posts\/7441","targetHints":{"allow":["GET"]}}],"collection":[{"href":"https:\/\/vadevela.com\/es\/wp-json\/wp\/v2\/posts"}],"about":[{"href":"https:\/\/vadevela.com\/es\/wp-json\/wp\/v2\/types\/post"}],"author":[{"embeddable":true,"href":"https:\/\/vadevela.com\/es\/wp-json\/wp\/v2\/users\/2"}],"replies":[{"embeddable":true,"href":"https:\/\/vadevela.com\/es\/wp-json\/wp\/v2\/comments?post=7441"}],"version-history":[{"count":3,"href":"https:\/\/vadevela.com\/es\/wp-json\/wp\/v2\/posts\/7441\/revisions"}],"predecessor-version":[{"id":7448,"href":"https:\/\/vadevela.com\/es\/wp-json\/wp\/v2\/posts\/7441\/revisions\/7448"}],"wp:featuredmedia":[{"embeddable":true,"href":"https:\/\/vadevela.com\/es\/wp-json\/wp\/v2\/media\/7494"}],"wp:attachment":[{"href":"https:\/\/vadevela.com\/es\/wp-json\/wp\/v2\/media?parent=7441"}],"wp:term":[{"taxonomy":"category","embeddable":true,"href":"https:\/\/vadevela.com\/es\/wp-json\/wp\/v2\/categories?post=7441"},{"taxonomy":"post_tag","embeddable":true,"href":"https:\/\/vadevela.com\/es\/wp-json\/wp\/v2\/tags?post=7441"}],"curies":[{"name":"wp","href":"https:\/\/api.w.org\/{rel}","templated":true}]}}